{"id":934,"date":"2025-11-24T15:06:41","date_gmt":"2025-11-24T15:06:41","guid":{"rendered":"https:\/\/mmamag.ma\/fr\/?p=934"},"modified":"2025-11-24T15:06:41","modified_gmt":"2025-11-24T15:06:41","slug":"israel-adesanya-parle-franchement-dun-match-revanche-contre-nassourdine-imavov-la-vengeance-nest-pas-une-priorite","status":"publish","type":"post","link":"https:\/\/mmamag.ma\/fr\/israel-adesanya-parle-franchement-dun-match-revanche-contre-nassourdine-imavov-la-vengeance-nest-pas-une-priorite\/","title":{"rendered":"\u00ab\u00a0Isra\u00ebl Adesanya parle franchement d&rsquo;un match revanche contre Nassourdine Imavov : La vengeance n&rsquo;est pas une priorit\u00e9\u00a0\u00bb"},"content":{"rendered":"<p style=\"text-align: justify;\">Dans le monde des arts martiaux mixtes (MMA), la d\u00e9faite fait partie int\u00e9grante du parcours d&rsquo;un combattant, mais c&rsquo;est la mani\u00e8re d&rsquo;y faire face qui d\u00e9termine l&rsquo;avenir. Isra\u00ebl Adesanya, ancien champion des poids moyens de l&rsquo;UFC, traverse actuellement une nouvelle \u00e9tape de sa carri\u00e8re apr\u00e8s sa d\u00e9faite par KO technique face \u00e0 Nassourdine Imavov lors de l&rsquo;UFC en Arabie Saoudite. Cependant, \u00ab\u00a0The Last Stylebender\u00a0\u00bb semble adopter une approche diff\u00e9rente face \u00e0 l&rsquo;id\u00e9e de revanche, soulevant des questions sur l&rsquo;avenir d&rsquo;un \u00e9ventuel affrontement entre les deux hommes.<\/p>\n<h4 style=\"text-align: justify;\"><strong>Une d\u00e9faite qui a secou\u00e9 le monde des combats<\/strong><\/h4>\n<p style=\"text-align: justify;\">Lors de la soir\u00e9e de l&rsquo;UFC en Arabie Saoudite, le public a assist\u00e9 \u00e0 un \u00e9v\u00e9nement choquant lorsque Nassourdine Imavov a mis fin au combat par KO technique au deuxi\u00e8me round, remportant une victoire majeure sur Adesanya.<\/p>\n<p style=\"text-align: justify;\">Cette d\u00e9faite a \u00e9t\u00e9 un coup dur pour Adesanya, consid\u00e9r\u00e9 comme l&rsquo;un des meilleurs combattants de l&rsquo;histoire des poids moyens. Cependant, au lieu de sombrer dans la frustration, Adesanya a choisi de g\u00e9rer cette d\u00e9faite avec une philosophie diff\u00e9rente.<\/p>\n<h4 style=\"text-align: justify;\"><strong>La revanche n&rsquo;est pas une priorit\u00e9 pour Adesanya<\/strong><\/h4>\n<p style=\"text-align: justify;\">Contrairement \u00e0 de nombreux combattants qui cherchent \u00e0 se venger apr\u00e8s une d\u00e9faite, Adesanya ne semble pas press\u00e9 de retrouver Imavov.<\/p>\n<p style=\"text-align: justify;\">Lors de son intervention \u00e0 l&rsquo;UFC 312, Adesanya a d\u00e9clar\u00e9 : \u00ab\u00a0On m&rsquo;a demand\u00e9 si je voulais un match revanche contre Imavov.<\/p>\n<p><iframe loading=\"lazy\" title=\"Israel Adesanya Reacts To Hall of Fame Induction: \u2018I Am Forever Grateful To Kelvin Gastelum\u2019\" width=\"696\" height=\"392\" src=\"https:\/\/www.youtube.com\/embed\/ZKPzu5oApX0?feature=oembed\" frameborder=\"0\" allow=\"accelerometer; autoplay; clipboard-write; encrypted-media; gyroscope; picture-in-picture; web-share\" referrerpolicy=\"strict-origin-when-cross-origin\" allowfullscreen><\/iframe><\/p>\n<p style=\"text-align: justify;\">Ma r\u00e9ponse est : pourquoi ? Ce n&rsquo;est pas n\u00e9cessaire, sauf s&rsquo;il devient champion un jour et que j&rsquo;ai l&rsquo;opportunit\u00e9 de le rencontrer \u00e0 nouveau. Mais je n&rsquo;ai pas besoin de revivre ce combat.\u00a0\u00bb<\/p>\n<p style=\"text-align: justify;\">Cette d\u00e9claration refl\u00e8te la vision r\u00e9aliste d&rsquo;Adesanya sur le sport, o\u00f9 il estime que la revanche doit avoir une raison sportive solide, et non \u00eatre une simple r\u00e9action \u00e9motionnelle. Il a ajout\u00e9 : \u00ab\u00a0Il ne s&rsquo;agit pas d&rsquo;histoires personnelles. S&rsquo;il devient champion et que je retrouve le chemin du titre, alors oui, pourquoi pas. Mais pour l&rsquo;instant, ce n&rsquo;est pas n\u00e9cessaire.\u00a0\u00bb<\/p>\n<h4 style=\"text-align: justify;\"><strong>La philosophie d&rsquo;Adesanya : Apprendre de la d\u00e9faite<\/strong><\/h4>\n<p style=\"text-align: justify;\">Pour Adesanya, chaque exp\u00e9rience, qu&rsquo;il s&rsquo;agisse d&rsquo;une victoire ou d&rsquo;une d\u00e9faite, fait partie du processus de croissance et d&rsquo;am\u00e9lioration. Il a d\u00e9clar\u00e9 : \u00ab\u00a0Honn\u00eatement, je ne changerais rien. Vivre ces moments, quelle que soit l&rsquo;issue, c&rsquo;est faire l&rsquo;histoire. Je fais l&rsquo;histoire m\u00eame quand je perds. Et je suis m\u00eame reconnaissant envers Nassourdine Imavov parce que nous avons livr\u00e9 un vrai combat. Il m&rsquo;a battu. Bravo, on passe \u00e0 autre chose.\u00a0\u00bb<\/p>\n<p style=\"text-align: justify;\">Cette approche d\u00e9montre une grande maturit\u00e9 de la part d&rsquo;Adesanya, qui pr\u00e9f\u00e8re se concentrer sur son d\u00e9veloppement personnel plut\u00f4t que de s&rsquo;engager dans des conflits personnels. Pour lui, la d\u00e9faite n&rsquo;est pas une fin, mais une opportunit\u00e9 d&rsquo;apprendre et de s&rsquo;am\u00e9liorer.<\/p>\n<h4 style=\"text-align: justify;\"><strong>L&rsquo;avenir de l&rsquo;affrontement : Verrons-nous un match revanche ?<\/strong><\/h4>\n<p style=\"text-align: justify;\">Bien qu&rsquo;Adesanya ne ressente pas le besoin urgent d&rsquo;affronter Imavov \u00e0 nouveau, il n&rsquo;exclut pas compl\u00e8tement l&rsquo;id\u00e9e d&rsquo;un match revanche dans le futur. Il a d\u00e9clar\u00e9 : \u00ab\u00a0S&rsquo;il devient champion et que je retrouve le chemin du titre, alors oui, pourquoi pas.\u00a0\u00bb Cela signifie qu&rsquo;un deuxi\u00e8me affrontement entre les deux hommes pourrait \u00eatre possible si cela co\u00efncide avec un contexte sportif majeur, comme une course au titre.<\/p>\n<h4 style=\"text-align: justify;\"><strong>Analyse des dimensions strat\u00e9giques<\/strong><\/h4>\n<p style=\"text-align: justify;\">D&rsquo;un point de vue strat\u00e9gique, la d\u00e9cision d&rsquo;Adesanya de ne pas chercher imm\u00e9diatement la revanche pourrait \u00eatre sage. Se concentrer sur l&rsquo;am\u00e9lioration de ses comp\u00e9tences et la restauration de sa confiance pourrait \u00eatre plus b\u00e9n\u00e9fique \u00e0 long terme. De plus, \u00e9viter des confrontations r\u00e9p\u00e9t\u00e9es avec le m\u00eame adversaire peut aider \u00e0 maintenir l&rsquo;\u00e9l\u00e9ment de surprise et \u00e9viter la redondance que l&rsquo;adversaire pourrait exploiter.<\/p>\n<h4 style=\"text-align: justify;\"><strong>Conclusion : Une nouvelle philosophie dans le monde des combats<\/strong><\/h4>\n<p style=\"text-align: justify;\">Isra\u00ebl Adesanya nous donne une le\u00e7on sur la mani\u00e8re de g\u00e9rer la d\u00e9faite avec dignit\u00e9 et sagesse. Au lieu de se laisser submerger par le d\u00e9sir de vengeance, Adesanya pr\u00e9f\u00e8re se concentrer sur son d\u00e9veloppement personnel et tirer des le\u00e7ons de chaque exp\u00e9rience. Nous ne verrons peut-\u00eatre pas de sit\u00f4t un match revanche entre Adesanya et Imavov, mais si cela se produit, ce sera dans un contexte sportif qui m\u00e9ritera d&rsquo;\u00eatre suivi.<\/p>\n<p style=\"text-align: justify;\">En fin de compte, Adesanya prouve que le combat ne se r\u00e9sume pas \u00e0 des victoires et des d\u00e9faites, mais qu&rsquo;il s&rsquo;agit aussi d&rsquo;un voyage d&rsquo;apprentissage et de croissance. C&rsquo;est cette philosophie qui fait de lui l&rsquo;un des combattants les plus respect\u00e9s dans le monde des arts martiaux mixtes.<\/p>\n<p id=\"rop\"><small>Originally posted 2025-02-12 10:44:55. <\/small><\/p>","protected":false},"excerpt":{"rendered":"<p>Dans le monde des arts martiaux mixtes (MMA), la d\u00e9faite fait partie int\u00e9grante du parcours d&rsquo;un combattant, mais c&rsquo;est la mani\u00e8re d&rsquo;y faire face qui d\u00e9termine l&rsquo;avenir. Isra\u00ebl Adesanya, ancien champion des poids moyens de l&rsquo;UFC, traverse actuellement une nouvelle \u00e9tape de sa carri\u00e8re apr\u00e8s sa d\u00e9faite par KO technique face \u00e0 Nassourdine Imavov lors [&hellip;]<\/p>\n","protected":false},"author":2,"featured_media":935,"comment_status":"open","ping_status":"open","sticky":false,"template":"","format":"standard","meta":{"footnotes":""},"categories":[24,28],"tags":[],"class_list":{"0":"post-934","1":"post","2":"type-post","3":"status-publish","4":"format-standard","5":"has-post-thumbnail","7":"category-mma","8":"category-ufc"},"_links":{"self":[{"href":"https:\/\/mmamag.ma\/fr\/wp-json\/wp\/v2\/posts\/934"}],"collection":[{"href":"https:\/\/mmamag.ma\/fr\/wp-json\/wp\/v2\/posts"}],"about":[{"href":"https:\/\/mmamag.ma\/fr\/wp-json\/wp\/v2\/types\/post"}],"author":[{"embeddable":true,"href":"https:\/\/mmamag.ma\/fr\/wp-json\/wp\/v2\/users\/2"}],"replies":[{"embeddable":true,"href":"https:\/\/mmamag.ma\/fr\/wp-json\/wp\/v2\/comments?post=934"}],"version-history":[{"count":1,"href":"https:\/\/mmamag.ma\/fr\/wp-json\/wp\/v2\/posts\/934\/revisions"}],"predecessor-version":[{"id":936,"href":"https:\/\/mmamag.ma\/fr\/wp-json\/wp\/v2\/posts\/934\/revisions\/936"}],"wp:featuredmedia":[{"embeddable":true,"href":"https:\/\/mmamag.ma\/fr\/wp-json\/wp\/v2\/media\/935"}],"wp:attachment":[{"href":"https:\/\/mmamag.ma\/fr\/wp-json\/wp\/v2\/media?parent=934"}],"wp:term":[{"taxonomy":"category","embeddable":true,"href":"https:\/\/mmamag.ma\/fr\/wp-json\/wp\/v2\/categories?post=934"},{"taxonomy":"post_tag","embeddable":true,"href":"https:\/\/mmamag.ma\/fr\/wp-json\/wp\/v2\/tags?post=934"}],"curies":[{"name":"wp","href":"https:\/\/api.w.org\/{rel}","templated":true}]}}