{"id":593,"date":"2026-04-08T16:31:11","date_gmt":"2026-04-08T16:31:11","guid":{"rendered":"https:\/\/mmamag.ma\/fr\/?p=593"},"modified":"2026-04-08T16:31:11","modified_gmt":"2026-04-08T16:31:11","slug":"affrontement-des-geants-le-retour-de-ngannou-aux-arts-martiaux-mixtes-face-a-ferreira-dans-un-combat-decisif-au-pfl","status":"publish","type":"post","link":"https:\/\/mmamag.ma\/fr\/affrontement-des-geants-le-retour-de-ngannou-aux-arts-martiaux-mixtes-face-a-ferreira-dans-un-combat-decisif-au-pfl\/","title":{"rendered":"\u00ab\u00a0Affrontement des G\u00e9ants : Le retour de Ngannou aux arts martiaux mixtes face \u00e0 Ferreira dans un combat d\u00e9cisif au PFL\u00a0\u00bb"},"content":{"rendered":"<p style=\"text-align: justify;\">Francis Ngannou et Renan Ferreira ont effectu\u00e9 la traditionnelle confrontation en face \u00e0 face avant leur combat lors du PFL Super Fight \u00ab\u00a0Battle of the Giant\u00a0\u00bb.<\/p>\n<p style=\"text-align: justify;\">Le face-\u00e0-face est une \u00e9tape importante avant le combat. Il permet aux combattants de se mesurer et de tenter de s&rsquo;intimider mutuellement.<\/p>\n<p style=\"text-align: justify;\">Francis Ngannou et Renan Ferreira s&rsquo;affronteront dans la Smart Cage de la Professional Fighters League (PFL) demain soir, lors de l&rsquo;\u00e9v\u00e9nement principal du PFL Super Fight \u00ab\u00a0Battle of the Giant\u00a0\u00bb.<\/p>\n<p style=\"text-align: justify;\">Ce combat est crucial pour Francis Ngannou, qui fait son retour aux arts martiaux mixtes apr\u00e8s deux ans et neuf mois. Sa derni\u00e8re performance dans les arts martiaux mixtes remonte au 22 janvier 2022, lorsqu&rsquo;il a remport\u00e9 une victoire unanime contre Ciryl Gane lors de sa premi\u00e8re d\u00e9fense de titre \u00e0 l&rsquo;UFC.<\/p>\n<p style=\"text-align: justify;\"><strong>Ngannou vs Ferreira : Face-\u00e0-face<\/strong><br \/>\nAvant de se retrouver dans la cage, Francis Ngannou et Renan Ferreira ont fait face aux m\u00e9dias lors de leur confrontation en face \u00e0 face.<\/p>\n<blockquote class=\"twitter-tweet\" data-width=\"550\" data-dnt=\"true\">\n<p lang=\"fr\" dir=\"ltr\">&quot;Affrontement des G\u00e9ants : Le retour de Ngannou aux arts martiaux mixtes face \u00e0 Ferreira dans un combat d\u00e9cisif au PFL&quot; <a href=\"https:\/\/t.co\/RFfsRmXmsG\">pic.twitter.com\/RFfsRmXmsG<\/a><\/p>\n<p>&mdash; mmamag.ma (@jamalsoussi10) <a href=\"https:\/\/twitter.com\/jamalsoussi10\/status\/1847233014121513052?ref_src=twsrc%5Etfw\">October 18, 2024<\/a><\/p><\/blockquote>\n<p><script async src=\"https:\/\/platform.twitter.com\/widgets.js\" charset=\"utf-8\"><\/script><\/p>\n<p style=\"text-align: justify;\">Renan Ferreira est le champion de la saison 2023 du PFL. En f\u00e9vrier, lors d&rsquo;un combat PFL contre Bellator, il a mis KO le champion du Bellator, Ryan Bader, en 21 secondes. R\u00e9ussira-t-il \u00e0 reproduire cet exploit face \u00e0 \u00ab\u00a0l&rsquo;homme le plus dangereux de la plan\u00e8te\u00a0\u00bb ?<\/p>\n<p id=\"rop\"><small>Originally posted 2024-10-18 11:14:30. <\/small><\/p>","protected":false},"excerpt":{"rendered":"<p>Francis Ngannou et Renan Ferreira ont effectu\u00e9 la traditionnelle confrontation en face \u00e0 face avant leur combat lors du PFL Super Fight \u00ab\u00a0Battle of the Giant\u00a0\u00bb. Le face-\u00e0-face est une \u00e9tape importante avant le combat. Il permet aux combattants de se mesurer et de tenter de s&rsquo;intimider mutuellement. Francis Ngannou et Renan Ferreira s&rsquo;affronteront dans [&hellip;]<\/p>\n","protected":false},"author":2,"featured_media":594,"comment_status":"open","ping_status":"open","sticky":false,"template":"","format":"standard","meta":{"footnotes":""},"categories":[24,38,31],"tags":[],"class_list":{"0":"post-593","1":"post","2":"type-post","3":"status-publish","4":"format-standard","5":"has-post-thumbnail","7":"category-mma","8":"category-mma-video","9":"category-pel-mma"},"_links":{"self":[{"href":"https:\/\/mmamag.ma\/fr\/wp-json\/wp\/v2\/posts\/593"}],"collection":[{"href":"https:\/\/mmamag.ma\/fr\/wp-json\/wp\/v2\/posts"}],"about":[{"href":"https:\/\/mmamag.ma\/fr\/wp-json\/wp\/v2\/types\/post"}],"author":[{"embeddable":true,"href":"https:\/\/mmamag.ma\/fr\/wp-json\/wp\/v2\/users\/2"}],"replies":[{"embeddable":true,"href":"https:\/\/mmamag.ma\/fr\/wp-json\/wp\/v2\/comments?post=593"}],"version-history":[{"count":1,"href":"https:\/\/mmamag.ma\/fr\/wp-json\/wp\/v2\/posts\/593\/revisions"}],"predecessor-version":[{"id":595,"href":"https:\/\/mmamag.ma\/fr\/wp-json\/wp\/v2\/posts\/593\/revisions\/595"}],"wp:featuredmedia":[{"embeddable":true,"href":"https:\/\/mmamag.ma\/fr\/wp-json\/wp\/v2\/media\/594"}],"wp:attachment":[{"href":"https:\/\/mmamag.ma\/fr\/wp-json\/wp\/v2\/media?parent=593"}],"wp:term":[{"taxonomy":"category","embeddable":true,"href":"https:\/\/mmamag.ma\/fr\/wp-json\/wp\/v2\/categories?post=593"},{"taxonomy":"post_tag","embeddable":true,"href":"https:\/\/mmamag.ma\/fr\/wp-json\/wp\/v2\/tags?post=593"}],"curies":[{"name":"wp","href":"https:\/\/api.w.org\/{rel}","templated":true}]}}