{"id":1941,"date":"2026-05-01T16:53:13","date_gmt":"2026-05-01T16:53:13","guid":{"rendered":"https:\/\/mmamag.ma\/fr\/?p=1941"},"modified":"2026-05-01T16:55:49","modified_gmt":"2026-05-01T16:55:49","slug":"la-lutte-marocaine-du-podium-africain-aux-marges-du-continent-quand-le-sport-est-gere-par-hasard-la-defaite-devient-une-identite","status":"publish","type":"post","link":"https:\/\/mmamag.ma\/fr\/la-lutte-marocaine-du-podium-africain-aux-marges-du-continent-quand-le-sport-est-gere-par-hasard-la-defaite-devient-une-identite\/","title":{"rendered":"La lutte marocaine, du podium africain aux marges du continent : quand le sport est g\u00e9r\u00e9 par hasard, la d\u00e9faite devient une identit\u00e9"},"content":{"rendered":"<p style=\"text-align: justify;\" data-section-id=\"17w7cs4\" data-start=\"27\" data-end=\"149\"><strong>D\u2019Alexandrie \u00e0 Rabat\u2026 comment la lutte marocaine est devenue un sport \u201coubli\u00e9\u201d qui interroge l\u2019image du Maroc en Afrique<\/strong><\/p>\n<p style=\"text-align: justify;\" data-start=\"151\" data-end=\"468\">La participation de l\u2019\u00e9quipe nationale marocaine de lutte (U17) au championnat d\u2019Afrique organis\u00e9 dans la ville d\u2019D\u2019Alexandrie\u00a0les 27 et 28 avril 2026, ne peut \u00eatre r\u00e9duite \u00e0 un simple bilan sportif. Trois m\u00e9dailles de bronze et une 8e place finale ne racontent qu\u2019une partie de l\u2019histoire.<\/p>\n<p style=\"text-align: justify;\" data-start=\"470\" data-end=\"738\">Pour de nombreux observateurs, il s\u2019agit plut\u00f4t d\u2019un signal d\u2019alarme r\u00e9v\u00e9lant une fragilit\u00e9 structurelle profonde d\u2019un sport olympique historique au Maroc, au moment o\u00f9 la lutte devient en Afrique un outil de puissance sportive, d\u2019influence et de prestige continental.<\/p>\n<p style=\"text-align: justify;\" data-start=\"740\" data-end=\"1093\">Pendant que l\u2019\u00c9gypte domine avec 29 m\u00e9dailles, que la Tunisie s\u2019impose avec 20 m\u00e9dailles et que l\u2019Alg\u00e9rie s\u2019installe sur le podium avec 14 m\u00e9dailles, le Maroc appara\u00eet presque en marge de la carte africaine de la lutte. Pourtant, il ne s\u2019agit ni d\u2019un sport nouveau ni marginal, mais d\u2019une discipline olympique fondatrice de l\u2019identit\u00e9 sportive mondiale.<\/p>\n<p style=\"text-align: justify;\" data-start=\"1095\" data-end=\"1480\">Au-del\u00e0 des chiffres, la crise est institutionnelle. La gestion des f\u00e9d\u00e9rations sportives, notamment la F\u00e9d\u00e9ration royale marocaine de lutte et sports assimil\u00e9s, est souvent point\u00e9e du doigt pour son manque de vision strat\u00e9gique et de structuration territoriale. Le sport reste concentr\u00e9 dans quelques villes historiques, sans r\u00e9elle politique de massification ni de formation de base.<\/p>\n<p style=\"text-align: justify;\" data-start=\"1482\" data-end=\"1747\">Dans les coulisses, une critique r\u00e9currente revient : celle d\u2019une gouvernance sportive o\u00f9 les responsabilit\u00e9s se diluent entre communication m\u00e9diatique et gestion administrative, pendant que les disciplines concern\u00e9es s\u2019affaiblissent progressivement sur le terrain.<\/p>\n<p style=\"text-align: justify;\" data-start=\"1749\" data-end=\"2093\">Cette situation interroge directement le r\u00f4le du minist\u00e8re de l\u2019\u00c9ducation nationale, du Pr\u00e9scolaire et des Sports ainsi que celui de la Direction des sports. La question n\u2019est plus uniquement celle des r\u00e9sultats, mais celle du contr\u00f4le effectif des f\u00e9d\u00e9rations, de la transparence des budgets publics et de l\u2019\u00e9valuation r\u00e9elle des performances.<\/p>\n<p style=\"text-align: justify;\" data-start=\"2095\" data-end=\"2352\">Car pendant que certaines f\u00e9d\u00e9rations \u00e9mergentes sont soumises \u00e0 des proc\u00e9dures strictes de reconnaissance et de conformit\u00e9, d\u2019autres structures historiques semblent \u00e9voluer dans une zone de confort institutionnelle, malgr\u00e9 des r\u00e9sultats sportifs en d\u00e9clin.<\/p>\n<p style=\"text-align: justify;\" data-start=\"2354\" data-end=\"2633\">Dans un contexte africain marqu\u00e9 par une comp\u00e9tition sportive de plus en plus strat\u00e9gique, cette situation d\u00e9passe le cadre technique. Elle touche directement l\u2019image du Maroc sur la sc\u00e8ne continentale, au moment o\u00f9 le sport devient un levier de diplomatie et de puissance douce.<\/p>\n<p style=\"text-align: justify;\" data-start=\"2635\" data-end=\"2886\">L\u2019enjeu n\u2019est donc plus seulement sportif. Il est structurel, institutionnel et m\u00eame symbolique : celui d\u2019un pays qui doit choisir entre la gestion administrative de ses f\u00e9d\u00e9rations ou la construction d\u2019une v\u00e9ritable politique de performance sportive.<\/p>\n","protected":false},"excerpt":{"rendered":"<p>D\u2019Alexandrie \u00e0 Rabat\u2026 comment la lutte marocaine est devenue un sport \u201coubli\u00e9\u201d qui interroge l\u2019image du Maroc en Afrique La participation de l\u2019\u00e9quipe nationale marocaine de lutte (U17) au championnat d\u2019Afrique organis\u00e9 dans la ville d\u2019D\u2019Alexandrie\u00a0les 27 et 28 avril 2026, ne peut \u00eatre r\u00e9duite \u00e0 un simple bilan sportif. Trois m\u00e9dailles de bronze et [&hellip;]<\/p>\n","protected":false},"author":3,"featured_media":1942,"comment_status":"open","ping_status":"open","sticky":false,"template":"","format":"standard","meta":{"footnotes":""},"categories":[47],"tags":[],"class_list":{"0":"post-1941","1":"post","2":"type-post","3":"status-publish","4":"format-standard","5":"has-post-thumbnail","7":"category-lutte-libre"},"_links":{"self":[{"href":"https:\/\/mmamag.ma\/fr\/wp-json\/wp\/v2\/posts\/1941"}],"collection":[{"href":"https:\/\/mmamag.ma\/fr\/wp-json\/wp\/v2\/posts"}],"about":[{"href":"https:\/\/mmamag.ma\/fr\/wp-json\/wp\/v2\/types\/post"}],"author":[{"embeddable":true,"href":"https:\/\/mmamag.ma\/fr\/wp-json\/wp\/v2\/users\/3"}],"replies":[{"embeddable":true,"href":"https:\/\/mmamag.ma\/fr\/wp-json\/wp\/v2\/comments?post=1941"}],"version-history":[{"count":3,"href":"https:\/\/mmamag.ma\/fr\/wp-json\/wp\/v2\/posts\/1941\/revisions"}],"predecessor-version":[{"id":1945,"href":"https:\/\/mmamag.ma\/fr\/wp-json\/wp\/v2\/posts\/1941\/revisions\/1945"}],"wp:featuredmedia":[{"embeddable":true,"href":"https:\/\/mmamag.ma\/fr\/wp-json\/wp\/v2\/media\/1942"}],"wp:attachment":[{"href":"https:\/\/mmamag.ma\/fr\/wp-json\/wp\/v2\/media?parent=1941"}],"wp:term":[{"taxonomy":"category","embeddable":true,"href":"https:\/\/mmamag.ma\/fr\/wp-json\/wp\/v2\/categories?post=1941"},{"taxonomy":"post_tag","embeddable":true,"href":"https:\/\/mmamag.ma\/fr\/wp-json\/wp\/v2\/tags?post=1941"}],"curies":[{"name":"wp","href":"https:\/\/api.w.org\/{rel}","templated":true}]}}