{"id":1934,"date":"2026-04-26T15:11:17","date_gmt":"2026-04-26T15:11:17","guid":{"rendered":"https:\/\/mmamag.ma\/fr\/?p=1934"},"modified":"2026-04-26T17:26:27","modified_gmt":"2026-04-26T17:26:27","slug":"quand-carlos-gracie-jr-atteint-la-ceinture-rouge-le-jiu-jitsu-bascule-de-la-performance-vers-leternite-dun-heritage-vivant","status":"publish","type":"post","link":"https:\/\/mmamag.ma\/fr\/quand-carlos-gracie-jr-atteint-la-ceinture-rouge-le-jiu-jitsu-bascule-de-la-performance-vers-leternite-dun-heritage-vivant\/","title":{"rendered":"Quand Carlos Gracie Jr. atteint la ceinture rouge\u2026 le jiu-jitsu bascule de la performance vers l\u2019\u00e9ternit\u00e9 d\u2019un h\u00e9ritage vivant"},"content":{"rendered":"<p style=\"text-align: justify;\" data-start=\"52\" data-end=\"467\">Dans une s\u00e9quence qui d\u00e9passe largement le cadre sportif pour toucher \u00e0 la notion m\u00eame de transmission et d\u2019h\u00e9ritage, la ville de Rio de Janeiro a \u00e9t\u00e9 le th\u00e9\u00e2tre, le 25 avril, d\u2019un \u00e9v\u00e9nement symbolique majeur dans l\u2019histoire du jiu-jitsu br\u00e9silien : l\u2019attribution de la ceinture rouge \u00e0 Carlos Gracie Jr., plus haut grade du \u201cgentle art\u201d, r\u00e9serv\u00e9 \u00e0 des figures dont l\u2019influence d\u00e9passe la simple pratique technique.<\/p>\n<div class=\"xb57i2i x1q594ok x5lxg6s x78zum5 xdt5ytf x6ikm8r x1ja2u2z x1pq812k x1rohswg xfk6m8 x1yqm8si xjx87ck xx8ngbg xwo3gff x1n2onr6 x1oyok0e x1odjw0f x1iyjqo2 xy5w88m\">\n<div class=\"x78zum5 xdt5ytf x1iyjqo2 x1n2onr6 xaci4zi x129vozr\">\n<div class=\"html-div xdj266r x14z9mp xat24cr x1lziwak xexx8yu xyri2b x18d9i69 x1c1uobl x78zum5 xdt5ytf x1iyjqo2 x7ywyr2\">\n<div class=\"x1n2onr6 x1ja2u2z x9f619 x78zum5 xdt5ytf x2lah0s x193iq5w xyamay9\">\n<div class=\"x9f619 x1n2onr6 x1ja2u2z x78zum5 xdt5ytf x1iyjqo2 x2lwn1j\">\n<div class=\"x9f619 x1n2onr6 x1ja2u2z x78zum5 xdt5ytf x2lah0s x193iq5w xf7dkkf xv54qhq x1k70j0n xzueoph xzboxd6 x14l7nz5\">\n<div class=\"x6s0dn4 xal61yo x1obq294 x5a5i1n xde0f50 x15x8krk x78zum5 xdt5ytf x6ikm8r x10wlt62 x1n2onr6 xh8yej3\">\n<div class=\"x9f619 x1n2onr6 x1ja2u2z x78zum5 xdt5ytf x2lah0s x193iq5w xf7dkkf xv54qhq x1k70j0n xzueoph xzboxd6 x14l7nz5\">\n<div class=\"x6s0dn4 xal61yo x1obq294 x5a5i1n xde0f50 x15x8krk x78zum5 xdt5ytf x6ikm8r x10wlt62 x1n2onr6 xh8yej3\"><iframe loading=\"lazy\" class=\"xl1xv1r\" src=\"https:\/\/www.facebook.com\/plugins\/video.php?height=476&amp;href=https%3A%2F%2Fwww.facebook.com%2Freel%2F4423274551273222%2F&amp;show_text=false&amp;width=267&amp;t=0\" width=\"267\" height=\"476\" frameborder=\"0\" scrolling=\"no\" allowfullscreen=\"allowfullscreen\"><\/iframe><\/div>\n<\/div>\n<div class=\"x9f619 x1n2onr6 x1ja2u2z x78zum5 xdt5ytf x2lah0s x193iq5w xuk3077 xf7dkkf xv54qhq x1k70j0n xzueoph xzboxd6 x14l7nz5\"><\/div>\n<\/div>\n<\/div>\n<\/div>\n<\/div>\n<\/div>\n<\/div>\n<\/div>\n<p style=\"text-align: justify;\" data-start=\"469\" data-end=\"847\">Apr\u00e8s pr\u00e8s de cinquante ann\u00e9es pass\u00e9es au rang de ceinture noire, Carlos Gracie Jr. acc\u00e8de ainsi \u00e0 une reconnaissance rarissime, presque patrimoniale, dans l\u2019univers des arts martiaux. La ceinture rouge ne r\u00e9compense pas uniquement un niveau technique, mais consacre une vie enti\u00e8re d\u00e9di\u00e9e \u00e0 l\u2019enseignement, \u00e0 la structuration et \u00e0 la diffusion d\u2019une discipline devenue globale.<\/p>\n<p data-start=\"469\" data-end=\"847\"><iframe loading=\"lazy\" class=\"x1ejq31n x18oe1m7 x1sy0etr xstzfhl x6ikm8r x10wlt62\" src=\"https:\/\/www.facebook.com\/plugins\/post.php?href=https%3A%2F%2Fwww.facebook.com%2Fibjjf%2Fposts%2Fpfbid02pCfrzvobD4nF9Hr7gHK92MdAPQuv6Waou2yfdNig4doqr1t7qANTzLkSwLFrJkDtl&amp;show_text=true&amp;width=500\" width=\"500\" height=\"793\" frameborder=\"0\" scrolling=\"no\" allowfullscreen=\"allowfullscreen\"><\/iframe><\/p>\n<p style=\"text-align: justify;\" data-start=\"849\" data-end=\"1304\">Au c\u0153ur de ce parcours, <span class=\"hover:entity-accent entity-underline inline cursor-pointer align-baseline\"><span class=\"whitespace-normal\">Gracie Barra<\/span><\/span> occupe une place centrale comme l\u2019un des plus grands r\u00e9seaux mondiaux de jiu-jitsu, aux c\u00f4t\u00e9s de la <span class=\"hover:entity-accent entity-underline inline cursor-pointer align-baseline\"><span class=\"whitespace-normal\">International Brazilian Jiu-Jitsu Federation<\/span><\/span>, qui a jou\u00e9 un r\u00f4le structurant dans l\u2019organisation, la standardisation et l\u2019expansion internationale de la discipline. Ce double levier institutionnel a permis de transformer une pratique familiale en un syst\u00e8me mondial d\u2019apprentissage et de comp\u00e9tition.<\/p>\n<p style=\"text-align: justify;\" data-start=\"1306\" data-end=\"1697\">Mais au-del\u00e0 de la reconnaissance individuelle, cet \u00e9v\u00e9nement r\u00e9v\u00e8le une dynamique plus profonde : celle d\u2019une discipline qui ne se limite plus au combat, mais qui s\u2019inscrit dans une logique sociale, \u00e9ducative et culturelle. Le jiu-jitsu devient ainsi un outil de transformation personnelle, utilis\u00e9 dans de nombreux pays comme espace de discipline, de r\u00e9insertion et de construction de soi.<\/p>\n<p style=\"text-align: justify;\" data-start=\"1699\" data-end=\"1991\">Dans cette perspective, la ceinture rouge appara\u00eet moins comme une fin que comme la cristallisation d\u2019un processus historique. Elle symbolise la capacit\u00e9 d\u2019un individu \u00e0 d\u00e9passer sa propre trajectoire pour structurer une \u00e9cole, transmettre une m\u00e9thode et inscrire son influence dans la dur\u00e9e.<\/p>\n<p style=\"text-align: justify;\" data-start=\"1993\" data-end=\"2238\">Ainsi, ce moment historique interroge la nature m\u00eame du m\u00e9rite dans les arts martiaux modernes : la valeur ne r\u00e9side-t-elle pas seulement dans la performance, mais dans la capacit\u00e9 \u00e0 transformer une pratique en h\u00e9ritage vivant et transmissible ?<\/p>\n<p style=\"text-align: justify;\" data-start=\"27\" data-end=\"499\">Dans le prolongement de cette architecture mondiale du jiu-jitsu, le nom du ma\u00eetre Mauricio Rob de Almeida est souvent \u00e9voqu\u00e9 comme l\u2019une des figures techniques et p\u00e9dagogiques li\u00e9es aux cha\u00eenes de transmission et d\u2019encadrement au sein de <span class=\"hover:entity-accent entity-underline inline cursor-pointer align-baseline\"><span class=\"whitespace-normal\">Gracie Barra<\/span><\/span>. Son r\u00f4le s\u2019inscrit dans une dynamique internationale de formation et de structuration, o\u00f9 l\u2019autorit\u00e9 technique se conjugue avec la responsabilit\u00e9 de d\u00e9veloppement des standards de la discipline.<\/p>\n<p data-start=\"1993\" data-end=\"2238\"><img decoding=\"async\" src=\"https:\/\/scontent.frba2-1.fna.fbcdn.net\/v\/t39.30808-6\/476356842_8970386489682707_943575019051173087_n.jpg?_nc_cat=105&amp;ccb=1-7&amp;_nc_sid=13d280&amp;_nc_ohc=ibbwChh8evcQ7kNvwHUKE3-&amp;_nc_oc=AdprMIGa3fAdE9iCgv-nC--3xpk3zDRsOjpg6h7jUMbnXFVx0NN7XmAwzks37-K5_Io&amp;_nc_zt=23&amp;_nc_ht=scontent.frba2-1.fna&amp;_nc_gid=JYX7JGo_sRmpZMm-uoQEmg&amp;_nc_ss=7a2a8&amp;oh=00_Af0_9SjYF_RtrTGu2lS1wa37D4j1ynamklmUDt1VjgiXTg&amp;oe=69F407FB\" alt=\"Aucune description de photo disponible.\" \/><\/p>\n<p style=\"text-align: justify;\" data-start=\"501\" data-end=\"950\">Dans ce m\u00eame cadre organisationnel, les branches de Gracie Barra au Maroc font partie de cette extension globale du syst\u00e8me, o\u00f9 l\u2019encadrement local s\u2019inscrit dans une m\u00e9thodologie unifi\u00e9e. Le travail de structuration et de transmission y est notamment associ\u00e9 \u00e0 l\u2019encadrement de l\u2019enseignant Jamal Soussi, dans une logique de continuit\u00e9 p\u00e9dagogique fond\u00e9e sur les m\u00eames principes techniques et disciplinaires que ceux appliqu\u00e9s \u00e0 l\u2019\u00e9chelle mondiale.<\/p>\n<p data-start=\"501\" data-end=\"950\"><img decoding=\"async\" src=\"https:\/\/scontent.frba2-2.fna.fbcdn.net\/v\/t39.30808-6\/486829095_9251294474925239_6929004374451178140_n.jpg?_nc_cat=107&amp;ccb=1-7&amp;_nc_sid=13d280&amp;_nc_ohc=1dRBqezSVREQ7kNvwHbtLwo&amp;_nc_oc=AdqT1G3BRcBC_eYxOgl5jQm5PgN33wzP5TAf8ImumEA2l_RI6AwYx3tr12e3ilwjNY8&amp;_nc_zt=23&amp;_nc_ht=scontent.frba2-2.fna&amp;_nc_gid=6enJ9_SvV_82TaBH7egwJw&amp;_nc_ss=7a2a8&amp;oh=00_Af1A5h7tcTTxxMYro_4T4bB_yQr_7Dlg2lQETn-avDGB_w&amp;oe=69F3ED53\" alt=\"Aucune description de photo disponible.\" \/><\/p>\n<p data-start=\"501\" data-end=\"950\"><img decoding=\"async\" src=\"https:\/\/scontent.frba2-2.fna.fbcdn.net\/v\/t39.30808-6\/476623734_8970386786349344_6272149885465307854_n.jpg?_nc_cat=108&amp;ccb=1-7&amp;_nc_sid=13d280&amp;_nc_ohc=6qaco83S99MQ7kNvwFN2UhJ&amp;_nc_oc=AdrBKqkBm4dqmOoB9N9LBwgMymLesUQRDdiWdSBBejncSUSbi9sFDYm_lweInc5I7qM&amp;_nc_zt=23&amp;_nc_ht=scontent.frba2-2.fna&amp;_nc_gid=RZd8VpfoGYOD9mmfmcaivA&amp;_nc_ss=7a2a8&amp;oh=00_Af24d6jyhkhrhK2Tc_KXh-vp5ic0SBME2zDm9s7kddFiaA&amp;oe=69F4120E\" alt=\"Aucune description de photo disponible.\" \/><\/p>\n<p data-start=\"1993\" data-end=\"2238\">\n","protected":false},"excerpt":{"rendered":"<p>Dans une s\u00e9quence qui d\u00e9passe largement le cadre sportif pour toucher \u00e0 la notion m\u00eame de transmission et d\u2019h\u00e9ritage, la ville de Rio de Janeiro a \u00e9t\u00e9 le th\u00e9\u00e2tre, le 25 avril, d\u2019un \u00e9v\u00e9nement symbolique majeur dans l\u2019histoire du jiu-jitsu br\u00e9silien : l\u2019attribution de la ceinture rouge \u00e0 Carlos Gracie Jr., plus haut grade du [&hellip;]<\/p>\n","protected":false},"author":3,"featured_media":1935,"comment_status":"open","ping_status":"open","sticky":false,"template":"","format":"standard","meta":{"footnotes":""},"categories":[45],"tags":[],"class_list":{"0":"post-1934","1":"post","2":"type-post","3":"status-publish","4":"format-standard","5":"has-post-thumbnail","7":"category-jiu-jitsu-brazilian"},"_links":{"self":[{"href":"https:\/\/mmamag.ma\/fr\/wp-json\/wp\/v2\/posts\/1934"}],"collection":[{"href":"https:\/\/mmamag.ma\/fr\/wp-json\/wp\/v2\/posts"}],"about":[{"href":"https:\/\/mmamag.ma\/fr\/wp-json\/wp\/v2\/types\/post"}],"author":[{"embeddable":true,"href":"https:\/\/mmamag.ma\/fr\/wp-json\/wp\/v2\/users\/3"}],"replies":[{"embeddable":true,"href":"https:\/\/mmamag.ma\/fr\/wp-json\/wp\/v2\/comments?post=1934"}],"version-history":[{"count":2,"href":"https:\/\/mmamag.ma\/fr\/wp-json\/wp\/v2\/posts\/1934\/revisions"}],"predecessor-version":[{"id":1937,"href":"https:\/\/mmamag.ma\/fr\/wp-json\/wp\/v2\/posts\/1934\/revisions\/1937"}],"wp:featuredmedia":[{"embeddable":true,"href":"https:\/\/mmamag.ma\/fr\/wp-json\/wp\/v2\/media\/1935"}],"wp:attachment":[{"href":"https:\/\/mmamag.ma\/fr\/wp-json\/wp\/v2\/media?parent=1934"}],"wp:term":[{"taxonomy":"category","embeddable":true,"href":"https:\/\/mmamag.ma\/fr\/wp-json\/wp\/v2\/categories?post=1934"},{"taxonomy":"post_tag","embeddable":true,"href":"https:\/\/mmamag.ma\/fr\/wp-json\/wp\/v2\/tags?post=1934"}],"curies":[{"name":"wp","href":"https:\/\/api.w.org\/{rel}","templated":true}]}}